{"id":114,"date":"2021-02-10T19:55:13","date_gmt":"2021-02-10T19:55:13","guid":{"rendered":"http:\/\/imkerei-kuehne.de\/?p=114"},"modified":"2021-02-10T19:55:15","modified_gmt":"2021-02-10T19:55:15","slug":"produkte-der-imkerei-kuehne-jetzt-beim-broetchenlieferdienst-die-fruehaufsteher","status":"publish","type":"post","link":"http:\/\/imkerei-kuehne.de\/?p=114","title":{"rendered":"Produkte der Imkerei K\u00fchne jetzt beim Br\u00f6tchenlieferdienst &#8222;Die Fr\u00fchaufsteher&#8220;"},"content":{"rendered":"\n<p>Der Br\u00f6tchenlieferdienst &#8222;Die Fr\u00fchaufsteher&#8220; beliefert euch neben leckeren Br\u00f6tchen und regionalen Eiern ab sofort auch mit unseren Honigprodukten.<\/p>\n\n\n\n<p>Der Lieferservice besteht derzeit Samstag und Sonntag. Das Liefergebiet erstreckt sich von Helmstedt \u00fcber K\u00f6nigslutter nach Schandelah bis hin nach Vorsfelde.<\/p>\n\n\n\n<p>Die Fr\u00fchaufsteher im Internet: <a href=\"http:\/\/www.die-fr\u00fchaufsteher.de\" data-type=\"URL\" data-id=\"www.die-fr\u00fchaufsteher.de\">www.die-fr\u00fchaufsteher.de<\/a><\/p>\n","protected":false},"excerpt":{"rendered":"<p>Der Br\u00f6tchenlieferdienst &#8222;Die Fr\u00fchaufsteher&#8220; beliefert euch neben leckeren Br\u00f6tchen und regionalen Eiern ab sofort auch mit unseren Honigprodukten. Der Lieferservice besteht derzeit Samstag und Sonntag. Das Liefergebiet erstreckt sich von Helmstedt \u00fcber K\u00f6nigslutter nach Schandelah bis hin nach Vorsfelde. Die Fr\u00fchaufsteher im Internet: www.die-fr\u00fchaufsteher.de<\/p>\n","protected":false},"author":1,"featured_media":0,"comment_status":"closed","ping_status":"open","sticky":false,"template":"","format":"standard","meta":{"footnotes":""},"categories":[1],"tags":[],"class_list":["post-114","post","type-post","status-publish","format-standard","hentry","category-uncategorized"],"_links":{"self":[{"href":"http:\/\/imkerei-kuehne.de\/index.php?rest_route=\/wp\/v2\/posts\/114","targetHints":{"allow":["GET"]}}],"collection":[{"href":"http:\/\/imkerei-kuehne.de\/index.php?rest_route=\/wp\/v2\/posts"}],"about":[{"href":"http:\/\/imkerei-kuehne.de\/index.php?rest_route=\/wp\/v2\/types\/post"}],"author":[{"embeddable":true,"href":"http:\/\/imkerei-kuehne.de\/index.php?rest_route=\/wp\/v2\/users\/1"}],"replies":[{"embeddable":true,"href":"http:\/\/imkerei-kuehne.de\/index.php?rest_route=%2Fwp%2Fv2%2Fcomments&post=114"}],"version-history":[{"count":1,"href":"http:\/\/imkerei-kuehne.de\/index.php?rest_route=\/wp\/v2\/posts\/114\/revisions"}],"predecessor-version":[{"id":115,"href":"http:\/\/imkerei-kuehne.de\/index.php?rest_route=\/wp\/v2\/posts\/114\/revisions\/115"}],"wp:attachment":[{"href":"http:\/\/imkerei-kuehne.de\/index.php?rest_route=%2Fwp%2Fv2%2Fmedia&parent=114"}],"wp:term":[{"taxonomy":"category","embeddable":true,"href":"http:\/\/imkerei-kuehne.de\/index.php?rest_route=%2Fwp%2Fv2%2Fcategories&post=114"},{"taxonomy":"post_tag","embeddable":true,"href":"http:\/\/imkerei-kuehne.de\/index.php?rest_route=%2Fwp%2Fv2%2Ftags&post=114"}],"curies":[{"name":"wp","href":"https:\/\/api.w.org\/{rel}","templated":true}]}}